{"id":3582,"date":"2024-02-22T02:09:54","date_gmt":"2024-02-22T08:09:54","guid":{"rendered":"https:\/\/vigilanciaysalud.org\/?p=3582"},"modified":"2024-02-22T02:09:57","modified_gmt":"2024-02-22T08:09:57","slug":"redc-salud-participa-en-firma-de-pacto-por-la-salud","status":"publish","type":"post","link":"https:\/\/redcsalud.org.gt\/en\/redc-salud-participa-en-firma-de-pacto-por-la-salud\/","title":{"rendered":"CDIR-Health participates in the signing of the Pact for Health in Guatemala"},"content":{"rendered":"<p>En la ceremonia de inauguraci\u00f3n del Pacto por la Salud realizado en el departamento de Solol\u00e1 se tuvo la presencia de los Defensores y Defensoras de la REDC-Salud, Autoridades Ind\u00edgenas, Abuelas Comadronas, organizaciones de Sociedad Civil y del se\u00f1or Presidente de la Rep\u00fablica, Bernardo Ar\u00e9valo, y el Ministro de Salud, Oscar Cord\u00f3n.<\/p>\n\n\n\n<p>El evento marc\u00f3 el inicio de un nuevo caminar por el derecho a la salud, donde la participaci\u00f3n ciudadana y social ser\u00e1n fundamental.<\/p>\n\n\n\n<blockquote class=\"wp-block-quote is-layout-flow wp-block-quote-is-layout-flow\">\n<p>&#8220;Los pueblos y las organizaciones ind\u00edgenas estamos listos para contribuir al cambio&#8221;.<\/p>\n<cite>Defensores (as) REDC-Salud<\/cite><\/blockquote>\n\n\n\n<h2 class=\"wp-block-heading\">Presidente de la Rep\u00fablica, comprometido con la salud<\/h2>\n\n\n\n<p>En su discurso el presidente Bernardo Ar\u00e9valo hizo hincapi\u00e9 que: &#8220;En la l\u00ednea de nuestra estrategia, nos hemos comprometido a emprender un di\u00e1logo profundo con la poblaci\u00f3n, involucrando a una amplia variedad de grupos, pueblos y comunidades que conforman nuestra naci\u00f3n&#8221;.<\/p>\n\n\n<div class=\"wp-block-image\">\n<figure class=\"aligncenter size-large\"><a href=\"https:\/\/redcsalud.org.gt\/wp-content\/uploads\/2024\/02\/presidente-de-guatemala-bernardo-arevalo-firma-pacto-por-la-salud.jpg\"><img fetchpriority=\"high\" decoding=\"async\" width=\"683\" height=\"1024\" src=\"https:\/\/redcsalud.org.gt\/wp-content\/uploads\/2024\/02\/presidente-de-guatemala-bernardo-arevalo-firma-pacto-por-la-salud-683x1024.jpg\" alt=\"\" class=\"wp-image-3586\" srcset=\"https:\/\/redcsalud.org.gt\/wp-content\/uploads\/2024\/02\/presidente-de-guatemala-bernardo-arevalo-firma-pacto-por-la-salud-683x1024.jpg 683w, https:\/\/redcsalud.org.gt\/wp-content\/uploads\/2024\/02\/presidente-de-guatemala-bernardo-arevalo-firma-pacto-por-la-salud-200x300.jpg 200w, https:\/\/redcsalud.org.gt\/wp-content\/uploads\/2024\/02\/presidente-de-guatemala-bernardo-arevalo-firma-pacto-por-la-salud-768x1152.jpg 768w, https:\/\/redcsalud.org.gt\/wp-content\/uploads\/2024\/02\/presidente-de-guatemala-bernardo-arevalo-firma-pacto-por-la-salud.jpg 800w\" sizes=\"(max-width: 683px) 100vw, 683px\" \/><\/a><figcaption class=\"wp-element-caption\">El presidente de la Rep\u00fablica, Bernardo Ar\u00e9valo, estuvo presente en la firma del pacto.<\/figcaption><\/figure><\/div>\n\n\n<p>El presidente reconoce que: &#8221; En el pa\u00eds se necesita m\u00e1s infraestructura y personal, pero tambi\u00e9n se necesita m\u00e1s respeto, mayor conciencia y una verdadera comprensi\u00f3n y valoraci\u00f3n de las personas usuarias del sistema en toda su integridad. Esto implica considerar su entorno natural, su idioma, su cultura y su forma \u00fanica de entender el mundo&#8221;.<\/p>\n\n\n\n<h2 class=\"wp-block-heading\">La REDC-Salud est\u00e1 comprometida con las comunidades<\/h2>\n\n\n\n<p>La Defensora de la Redc-Salud Guatemala, Paulina Culum, resalt\u00f3 en su intervenci\u00f3n que: \u201cLa salud es uno de los derechos fundamentales del ser humano\u201d.<\/p>\n\n\n\n<p>&#8220;Como REDC-Salud estamos comprometidos con las comunidades y luchamos por defender el derecho a la salud de todas las personas, pero en especial el derecho de las comunidades ind\u00edgenas que sufren la mayor discriminaci\u00f3n y exclusi\u00f3n social&#8221;, a\u00f1adi\u00f3.<\/p>\n\n\n<div class=\"wp-block-image\">\n<figure class=\"aligncenter size-full\"><a href=\"https:\/\/redcsalud.org.gt\/wp-content\/uploads\/2024\/02\/defensora-paulina-culum-REDC-salud-firma-pacto-por-la-salud.jpg\"><img decoding=\"async\" width=\"900\" height=\"600\" src=\"https:\/\/redcsalud.org.gt\/wp-content\/uploads\/2024\/02\/defensora-paulina-culum-REDC-salud-firma-pacto-por-la-salud.jpg\" alt=\"\" class=\"wp-image-3585\" srcset=\"https:\/\/redcsalud.org.gt\/wp-content\/uploads\/2024\/02\/defensora-paulina-culum-REDC-salud-firma-pacto-por-la-salud.jpg 900w, https:\/\/redcsalud.org.gt\/wp-content\/uploads\/2024\/02\/defensora-paulina-culum-REDC-salud-firma-pacto-por-la-salud-300x200.jpg 300w, https:\/\/redcsalud.org.gt\/wp-content\/uploads\/2024\/02\/defensora-paulina-culum-REDC-salud-firma-pacto-por-la-salud-768x512.jpg 768w\" sizes=\"(max-width: 900px) 100vw, 900px\" \/><\/a><figcaption class=\"wp-element-caption\">Paulina Culum, defensora de la REDC-Salud, firm\u00f3 el pacto como compromiso con la salud en las comunidades ind\u00edgenas donde la red tiene presencia.<\/figcaption><\/figure><\/div>\n\n\n<p>Asimismo, dijo que &#8220;por casi 10 a\u00f1os, desde la RED hemos realizado acciones de educaci\u00f3n en derechos humanos a nuestras comunidades, hacemos vigilancia ciudadana de los servicios p\u00fablicos de salud y dialogamos con autoridades sobre los problemas encontrados y la forma en que los podemos resolver de manera conjunta&#8221;.<\/p>\n\n\n\n<p>&#8220;Exigimos que este gobierno trabaje de la mano con los pueblos ind\u00edgenas. Tambi\u00e9n, que se garantice, promueva y respete los espacios de participaci\u00f3n ciudadana y rendici\u00f3n de cuentas desde el nivel local, municipal, departamental y nacional, que los sistemas de salud ancestrales se respeten. Tenemos la oportunidad de lograr un cambio en la salud de nuestro pa\u00eds&#8221;, concluy\u00f3 Culum.<\/p>","protected":false},"excerpt":{"rendered":"<p>En la ceremonia de inauguraci\u00f3n del Pacto por la Salud realizado en el departamento de Solol\u00e1 se tuvo la presencia de los Defensores y Defensoras de la REDC-Salud, Autoridades Ind\u00edgenas, Abuelas Comadronas, organizaciones de Sociedad Civil y del se\u00f1or Presidente de la Rep\u00fablica, Bernardo Ar\u00e9valo, y el Ministro de Salud, Oscar Cord\u00f3n. El evento marc\u00f3 [&hellip;]<\/p>","protected":false},"author":5,"featured_media":3587,"comment_status":"closed","ping_status":"closed","sticky":false,"template":"","format":"standard","meta":{"footnotes":""},"categories":[162],"tags":[],"class_list":["post-3582","post","type-post","status-publish","format-standard","has-post-thumbnail","hentry","category-actualidad-redc-salud-guatemala"],"_links":{"self":[{"href":"https:\/\/redcsalud.org.gt\/en\/wp-json\/wp\/v2\/posts\/3582","targetHints":{"allow":["GET"]}}],"collection":[{"href":"https:\/\/redcsalud.org.gt\/en\/wp-json\/wp\/v2\/posts"}],"about":[{"href":"https:\/\/redcsalud.org.gt\/en\/wp-json\/wp\/v2\/types\/post"}],"author":[{"embeddable":true,"href":"https:\/\/redcsalud.org.gt\/en\/wp-json\/wp\/v2\/users\/5"}],"replies":[{"embeddable":true,"href":"https:\/\/redcsalud.org.gt\/en\/wp-json\/wp\/v2\/comments?post=3582"}],"version-history":[{"count":3,"href":"https:\/\/redcsalud.org.gt\/en\/wp-json\/wp\/v2\/posts\/3582\/revisions"}],"predecessor-version":[{"id":3589,"href":"https:\/\/redcsalud.org.gt\/en\/wp-json\/wp\/v2\/posts\/3582\/revisions\/3589"}],"wp:featuredmedia":[{"embeddable":true,"href":"https:\/\/redcsalud.org.gt\/en\/wp-json\/wp\/v2\/media\/3587"}],"wp:attachment":[{"href":"https:\/\/redcsalud.org.gt\/en\/wp-json\/wp\/v2\/media?parent=3582"}],"wp:term":[{"taxonomy":"category","embeddable":true,"href":"https:\/\/redcsalud.org.gt\/en\/wp-json\/wp\/v2\/categories?post=3582"},{"taxonomy":"post_tag","embeddable":true,"href":"https:\/\/redcsalud.org.gt\/en\/wp-json\/wp\/v2\/tags?post=3582"}],"curies":[{"name":"wp","href":"https:\/\/api.w.org\/{rel}","templated":true}]}}