{"id":3590,"date":"2024-02-22T02:41:26","date_gmt":"2024-02-22T08:41:26","guid":{"rendered":"https:\/\/vigilanciaysalud.org\/?p=3590"},"modified":"2024-02-22T02:43:13","modified_gmt":"2024-02-22T08:43:13","slug":"redc-salud-presente-en-visita-de-viceministro-de-atencion-primaria-en-salud-a-huehuetenango","status":"publish","type":"post","link":"https:\/\/redcsalud.org.gt\/en\/redc-salud-presente-en-visita-de-viceministro-de-atencion-primaria-en-salud-a-huehuetenango\/","title":{"rendered":"CDIR-Health, present in the visit of deputy minister of Primary Health Care to Huehuetenango"},"content":{"rendered":"<p>The CDIR-Health was present at the recent visit of the vice minister of Primary Health Care of the Ministry of Public Health and Social Assistance (MSPAS), Jos\u00e9 Camey, to Huehuetenango.<\/p>\n\n\n\n<p>During the tour, the official acknowledged the importance of the unification of efforts to provide care for the health of human warmth.<\/p>\n\n\n<div class=\"wp-block-image\">\n<figure class=\"aligncenter size-full\"><a href=\"https:\/\/redcsalud.org.gt\/wp-content\/uploads\/2024\/02\/redc-salud-acompana-a-viceministro-de-salud-en-gira-huehuetenango-2024.jpg\"><img fetchpriority=\"high\" decoding=\"async\" width=\"718\" height=\"539\" src=\"https:\/\/redcsalud.org.gt\/wp-content\/uploads\/2024\/02\/redc-salud-acompana-a-viceministro-de-salud-en-gira-huehuetenango-2024.jpg\" alt=\"\" class=\"wp-image-3592\" srcset=\"https:\/\/redcsalud.org.gt\/wp-content\/uploads\/2024\/02\/redc-salud-acompana-a-viceministro-de-salud-en-gira-huehuetenango-2024.jpg 718w, https:\/\/redcsalud.org.gt\/wp-content\/uploads\/2024\/02\/redc-salud-acompana-a-viceministro-de-salud-en-gira-huehuetenango-2024-300x225.jpg 300w\" sizes=\"(max-width: 718px) 100vw, 718px\" \/><\/a><figcaption class=\"wp-element-caption\">The defenders the CDIR-Health participated in the meeting with the deputy minister of Primary Care.<\/figcaption><\/figure><\/div>\n\n\n<p>Also, he stressed the importance of the Pact for Health, as it allows a care with efficiency and effectiveness to the users. He emphasized the need for the integration of medicine, ancestral, as communities in our country have various contexts. \u00a0<\/p>\n\n\n\n<h2 class=\"wp-block-heading\">Deputy health minister urges the citizen participation<\/h2>\n\n\n\n<p>Each organ must contribute their grain of sand to transform the health care system. It is necessary the participation of the citizenship, education, social audit, accountability, gender equality, Monitoring and justice, to really achieve the results of the covenant, expressed Camey.<\/p>\n\n\n\n<p>As a result of the meeting, agreements were established, among these:<\/p>\n\n\n\n<ul class=\"wp-block-list\">\n<li>Strengthen the presence, participation and leadership in the Governance framework.<\/li>\n\n\n\n<li>Ensure the coordination, harmonization and alignment of resources and efforts to provide a response of impact in the department of Huehuetenango, in their cities and communities.<\/li>\n\n\n\n<li>Encourage participation-Agency.<\/li>\n<\/ul>\n\n\n<div class=\"wp-block-image\">\n<figure class=\"aligncenter size-full\"><a href=\"https:\/\/redcsalud.org.gt\/wp-content\/uploads\/2024\/02\/visita-viceministro-atencion-primaria-salud-redc-salud-2024.jpg\"><img decoding=\"async\" width=\"923\" height=\"547\" src=\"https:\/\/redcsalud.org.gt\/wp-content\/uploads\/2024\/02\/visita-viceministro-atencion-primaria-salud-redc-salud-2024.jpg\" alt=\"\" class=\"wp-image-3593\" srcset=\"https:\/\/redcsalud.org.gt\/wp-content\/uploads\/2024\/02\/visita-viceministro-atencion-primaria-salud-redc-salud-2024.jpg 923w, https:\/\/redcsalud.org.gt\/wp-content\/uploads\/2024\/02\/visita-viceministro-atencion-primaria-salud-redc-salud-2024-300x178.jpg 300w, https:\/\/redcsalud.org.gt\/wp-content\/uploads\/2024\/02\/visita-viceministro-atencion-primaria-salud-redc-salud-2024-768x455.jpg 768w\" sizes=\"(max-width: 923px) 100vw, 923px\" \/><\/a><\/figure><\/div>","protected":false},"excerpt":{"rendered":"<p>La REDC-Salud estuvo presente en la reciente visita del viceministro de Atenci\u00f3n Primaria en Salud del Ministerio de Salud P\u00fablica y Asistencia Social (MSPAS), Jos\u00e9 Camey, a Huehuetenango. Durante la gira, el funcionario reconoci\u00f3 la importancia de la unificaci\u00f3n de esfuerzos para brindar una atenci\u00f3n en salud con calidez humana. Tambi\u00e9n, destac\u00f3 la importancia del [&hellip;]<\/p>","protected":false},"author":5,"featured_media":3591,"comment_status":"closed","ping_status":"closed","sticky":false,"template":"","format":"standard","meta":{"footnotes":""},"categories":[162],"tags":[],"class_list":["post-3590","post","type-post","status-publish","format-standard","has-post-thumbnail","hentry","category-actualidad-redc-salud-guatemala"],"_links":{"self":[{"href":"https:\/\/redcsalud.org.gt\/en\/wp-json\/wp\/v2\/posts\/3590","targetHints":{"allow":["GET"]}}],"collection":[{"href":"https:\/\/redcsalud.org.gt\/en\/wp-json\/wp\/v2\/posts"}],"about":[{"href":"https:\/\/redcsalud.org.gt\/en\/wp-json\/wp\/v2\/types\/post"}],"author":[{"embeddable":true,"href":"https:\/\/redcsalud.org.gt\/en\/wp-json\/wp\/v2\/users\/5"}],"replies":[{"embeddable":true,"href":"https:\/\/redcsalud.org.gt\/en\/wp-json\/wp\/v2\/comments?post=3590"}],"version-history":[{"count":1,"href":"https:\/\/redcsalud.org.gt\/en\/wp-json\/wp\/v2\/posts\/3590\/revisions"}],"predecessor-version":[{"id":3594,"href":"https:\/\/redcsalud.org.gt\/en\/wp-json\/wp\/v2\/posts\/3590\/revisions\/3594"}],"wp:featuredmedia":[{"embeddable":true,"href":"https:\/\/redcsalud.org.gt\/en\/wp-json\/wp\/v2\/media\/3591"}],"wp:attachment":[{"href":"https:\/\/redcsalud.org.gt\/en\/wp-json\/wp\/v2\/media?parent=3590"}],"wp:term":[{"taxonomy":"category","embeddable":true,"href":"https:\/\/redcsalud.org.gt\/en\/wp-json\/wp\/v2\/categories?post=3590"},{"taxonomy":"post_tag","embeddable":true,"href":"https:\/\/redcsalud.org.gt\/en\/wp-json\/wp\/v2\/tags?post=3590"}],"curies":[{"name":"wp","href":"https:\/\/api.w.org\/{rel}","templated":true}]}}